{"id":1056,"date":"2017-03-06T14:35:35","date_gmt":"2017-03-06T14:35:35","guid":{"rendered":"http:\/\/www.educativa105.com.br\/?p=1056"},"modified":"2017-03-06T15:55:43","modified_gmt":"2017-03-06T15:55:43","slug":"a-igreja-nao-tem-sido-a-igreja-que-deveria-ser-relevante-afirma-joao-alexandre","status":"publish","type":"post","link":"https:\/\/radionovaniteroigospel.com.br\/?p=1056","title":{"rendered":"\u201cA Igreja n\u00e3o tem sido a Igreja que deveria ser, relevante\u201d, afirma Jo\u00e3o Alexandre."},"content":{"rendered":"<p>O cantor e compositor Jo\u00e3o Alexandre cedeu entrevista ao apresentador Elvis Tavares, respons\u00e1vel pelo programa Onde os Fracos T\u00eam Vez, veiculado pela Sara Brasil FM de Florian\u00f3polis, em Santa Catarina.<\/p>\n<p>Na ocasi\u00e3o, o ex-integrante do Milad e respons\u00e1vel por uma extensa discografia solo, falou de seu trabalho musical, suas vis\u00f5es acerca da m\u00fasica crist\u00e3 nacional e da m\u00fasica brasileira em geral; al\u00e9m de coment\u00e1rios pol\u00edticos.<\/p>\n<p>Compositor de \u201cPra Cima, Brasil\u201d, Jo\u00e3o Alexandre fez reflex\u00f5es acerca da rela\u00e7\u00e3o das institui\u00e7\u00f5es crist\u00e3s com a situa\u00e7\u00e3o pol\u00edtica do pa\u00eds. \u201cA Igreja tem que entrar como um poder transformador, como uma luz de esperan\u00e7a. Se h\u00e1 tantos evang\u00e9licos no Brasil e est\u00e1 aumentando tanto, por que o pa\u00eds continua ruim?\u201d, questionou o artista.<\/p>\n<p>\u201cAcho que a gente tamb\u00e9m tem um pouco de culpa nisso. A Igreja n\u00e3o tem sido a Igreja que deveria ser, relevante, atuante, embora muitas tenham trabalhado a parte social\u201d, defendeu o cantor.<\/p>\n<p>Por fim, o artista lamentou os desdobramentos e descobertas das investiga\u00e7\u00f5es. \u201cMas a pergunta continua. A cada dia que passa, a gente se surpreende com mais loucura, com mais corrup\u00e7\u00e3o, com mais desordem\u201d.<\/p>\n<p>O cantor, que do final da d\u00e9cada de 1990 em diante passou a apresentar mais frequentemente composi\u00e7\u00f5es de cr\u00edticas, defende que a m\u00fasica evang\u00e9lica brasileira \u201csempre houve esse lado de entretenimento, de agradar o ouvido das pessoas, ao inv\u00e9s de aliment\u00e1-lo\u201d, disse o cantor.<\/p>\n<p>Por isso, Jo\u00e3o defende que, a partir de certo momento de sua carreira, se disp\u00f4s a tratar de certos temas \u201cdoa a quem doer\u201d, voltado \u201c\u00e0 verdade b\u00edblica\u201d. \u201cAs pessoas querem ouvir aquilo que gostam, ao inv\u00e9s daquilo que precisam. Ent\u00e3o, j\u00e1 que \u2018a f\u00e9 vem pelo ouvir, e ouvir a Palavra de Deus\u2019, eu tenho que cuidar muito bem, sim, do que ou\u00e7o, para que a minha f\u00e9 n\u00e3o se transforme em qualquer coisa\u201d, concluiu o int\u00e9rprete.<\/p>\n\n<!-- Quick Adsense WordPress Plugin: http:\/\/quicksense.net\/ -->\n<div style=\"float:none;margin:15px 0 15px 0;text-align:center;\">\n<script async src=\"\/\/pagead2.googlesyndication.com\/pagead\/js\/adsbygoogle.js\"><\/script>\r\n<!-- andre figueriedo 02 -->\r\n<ins class=\"adsbygoogle\"\r\n     style=\"display:inline-block;width:728px;height:90px\"\r\n     data-ad-client=\"ca-pub-2119327958889729\"\r\n     data-ad-slot=\"6257061499\"><\/ins>\r\n<script>\r\n(adsbygoogle = window.adsbygoogle || []).push({});\r\n<\/script>\n<\/div>\n\n<div style=\"font-size:0px;height:0px;line-height:0px;margin:0;padding:0;clear:both\"><\/div>","protected":false},"excerpt":{"rendered":"<p>O cantor e compositor Jo\u00e3o Alexandre cedeu entrevista ao apresentador Elvis Tavares, respons\u00e1vel pelo programa Onde os Fracos T\u00eam Vez,..<\/p>\n","protected":false},"author":4,"featured_media":1057,"comment_status":"closed","ping_status":"closed","sticky":false,"template":"","format":"standard","meta":{"footnotes":""},"categories":[3],"tags":[],"_links":{"self":[{"href":"https:\/\/radionovaniteroigospel.com.br\/index.php?rest_route=\/wp\/v2\/posts\/1056"}],"collection":[{"href":"https:\/\/radionovaniteroigospel.com.br\/index.php?rest_route=\/wp\/v2\/posts"}],"about":[{"href":"https:\/\/radionovaniteroigospel.com.br\/index.php?rest_route=\/wp\/v2\/types\/post"}],"author":[{"embeddable":true,"href":"https:\/\/radionovaniteroigospel.com.br\/index.php?rest_route=\/wp\/v2\/users\/4"}],"replies":[{"embeddable":true,"href":"https:\/\/radionovaniteroigospel.com.br\/index.php?rest_route=%2Fwp%2Fv2%2Fcomments&post=1056"}],"version-history":[{"count":1,"href":"https:\/\/radionovaniteroigospel.com.br\/index.php?rest_route=\/wp\/v2\/posts\/1056\/revisions"}],"predecessor-version":[{"id":1058,"href":"https:\/\/radionovaniteroigospel.com.br\/index.php?rest_route=\/wp\/v2\/posts\/1056\/revisions\/1058"}],"wp:featuredmedia":[{"embeddable":true,"href":"https:\/\/radionovaniteroigospel.com.br\/index.php?rest_route=\/wp\/v2\/media\/1057"}],"wp:attachment":[{"href":"https:\/\/radionovaniteroigospel.com.br\/index.php?rest_route=%2Fwp%2Fv2%2Fmedia&parent=1056"}],"wp:term":[{"taxonomy":"category","embeddable":true,"href":"https:\/\/radionovaniteroigospel.com.br\/index.php?rest_route=%2Fwp%2Fv2%2Fcategories&post=1056"},{"taxonomy":"post_tag","embeddable":true,"href":"https:\/\/radionovaniteroigospel.com.br\/index.php?rest_route=%2Fwp%2Fv2%2Ftags&post=1056"}],"curies":[{"name":"wp","href":"https:\/\/api.w.org\/{rel}","templated":true}]}}